{"id":2094,"date":"2024-09-30T07:50:10","date_gmt":"2024-09-30T07:50:10","guid":{"rendered":"https:\/\/eithealth.es\/thinkandactforvalue\/?p=2094"},"modified":"2024-09-30T10:04:59","modified_gmt":"2024-09-30T10:04:59","slug":"maria-luaces-necesitamos-un-marco-normativo-que-apoye-el-cambio-hacia-la-evaluacion-y-la-retribucion-basada-en-valor","status":"publish","type":"post","link":"https:\/\/eithealth.es\/thinkandactforvalue\/maria-luaces-necesitamos-un-marco-normativo-que-apoye-el-cambio-hacia-la-evaluacion-y-la-retribucion-basada-en-valor\/","title":{"rendered":"Mar\u00eda Luaces: \u201cNecesitamos un marco normativo que apoye el cambio hacia la evaluaci\u00f3n y la retribuci\u00f3n basada en valor\u201d"},"content":{"rendered":"<p style=\"text-align: center;\"><span class=\"TextRun SCXW36464545 BCX8\" lang=\"ES-ES\" xml:lang=\"ES-ES\" data-contrast=\"auto\"><span class=\"NormalTextRun SCXW36464545 BCX8\">Mar\u00eda <\/span><span class=\"NormalTextRun SpellingErrorV2Themed SpellingErrorHighlight SCXW36464545 BCX8\">Luaces<\/span><span class=\"NormalTextRun SCXW36464545 BCX8\">, <\/span><span class=\"NormalTextRun SCXW36464545 BCX8\">c<\/span><span class=\"NormalTextRun SCXW36464545 BCX8\">ardi\u00f3loga y directora de la <\/span><\/span><a class=\"Hyperlink SCXW36464545 BCX8\" href=\"https:\/\/www.idissc.org\/unidad-de-innovacion\/\" target=\"_blank\" rel=\"noreferrer noopener\"><span class=\"TextRun Underlined SCXW36464545 BCX8\" lang=\"ES-ES\" xml:lang=\"ES-ES\" data-contrast=\"none\"><span class=\"NormalTextRun SCXW36464545 BCX8\" data-ccp-charstyle=\"Hyperlink\">Unidad de Innovaci\u00f3n en el Hospital Cl\u00ednico San Carlos de Madrid<\/span><\/span><\/a><span class=\"TextRun SCXW36464545 BCX8\" lang=\"ES-ES\" xml:lang=\"ES-ES\" data-contrast=\"auto\"><span class=\"NormalTextRun SCXW36464545 BCX8\">, comparti\u00f3 en un reciente <\/span><span class=\"NormalTextRun SpellingErrorV2Themed SCXW36464545 BCX8\">webinar<\/span><span class=\"NormalTextRun SCXW36464545 BCX8\"> organizado por <\/span><span class=\"NormalTextRun SpellingErrorV2Themed SCXW36464545 BCX8\">Think&amp;Act<\/span> <span class=\"NormalTextRun SpellingErrorV2Themed SCXW36464545 BCX8\">for<\/span> <span class=\"NormalTextRun SpellingErrorV2Themed SCXW36464545 BCX8\">Value<\/span><span class=\"NormalTextRun SCXW36464545 BCX8\"> sus perspectivas sobre c\u00f3mo la Asistencia Sanitaria Basada en Valor (ASBV) puede transformar la atenci\u00f3n a pacientes y mejorar los resultados en salud. En esta entrevista, <\/span><span class=\"NormalTextRun SCXW36464545 BCX8\">la Dra. <\/span><span class=\"NormalTextRun SpellingErrorV2Themed SCXW36464545 BCX8\">Luaces<\/span><span class=\"NormalTextRun SCXW36464545 BCX8\"> destaca la importancia de redefinir el concepto de valor desde la perspectiva de pacientes, familias y profesionales, y subraya el papel del liderazgo cl\u00ednico y la integraci\u00f3n de tecnolog\u00eda para avanzar hacia un sistema de salud m\u00e1s equitativo y eficiente.<\/span><\/span><span class=\"EOP SCXW36464545 BCX8\" data-ccp-props=\"{&quot;201341983&quot;:0,&quot;335551550&quot;:2,&quot;335551620&quot;:2,&quot;335559739&quot;:160,&quot;335559740&quot;:259}\">\u00a0<\/span><\/p>\n<h2 class=\"p3\"><b>\u00bfC\u00f3mo definir\u00edas la ASBV desde tu perspectiva?<span class=\"EOP SCXW215461094 BCX8\" data-ccp-props=\"{&quot;201341983&quot;:0,&quot;335559739&quot;:160,&quot;335559740&quot;:259}\">\u00a0<\/span><\/b><\/h2>\n<p><span data-contrast=\"auto\">El paradigma de la ASBV, inicialmente propuesto por Porter, sigue siendo relevante, pero ha evolucionado conforme lo han hecho las necesidades de la sociedad, los pacientes y sus familias. No debemos olvidar que el paciente tambi\u00e9n incluye a su entorno.\u00a0<\/span><span data-ccp-props=\"{&quot;201341983&quot;:0,&quot;335559739&quot;:160,&quot;335559740&quot;:259}\">\u00a0<\/span><\/p>\n<p><span data-contrast=\"auto\">Para avanzar en este modelo, es esencial considerar lo que cada uno entiende por valor. Para un paciente cardiol\u00f3gico, por ejemplo, podemos aplicar un tratamiento sofisticado, pero si el paciente no percibe una mejora en su calidad de vida, no hemos alcanzado nuestro objetivo. Tenemos que acompa\u00f1ar a los pacientes y a sus familias en la gesti\u00f3n de expectativas, asegurando que entendemos qu\u00e9 tiene valor para ellos.\u00a0<\/span><span data-ccp-props=\"{&quot;201341983&quot;:0,&quot;335559739&quot;:160,&quot;335559740&quot;:259}\">\u00a0<\/span><\/p>\n<blockquote>\n<h2><strong><span class=\"TextRun SCXW214817758 BCX8\" lang=\"ES-ES\" xml:lang=\"ES-ES\" data-contrast=\"none\"><span class=\"NormalTextRun SCXW214817758 BCX8\">\u201c<\/span><span class=\"NormalTextRun SCXW214817758 BCX8\">Los profesionales necesitan m\u00e1s apoyo y formaci\u00f3n para entender c\u00f3mo aplicar este modelo en su pr\u00e1ctica diaria<\/span><span class=\"NormalTextRun SCXW214817758 BCX8\">\u201d<\/span><\/span><\/strong><\/h2>\n<\/blockquote>\n<h2 class=\"p3\"><b>\u00bfY qu\u00e9 crees que significa el concepto de valor para los profesionales sanitarios?<\/b><\/h2>\n<p><span class=\"TextRun SCXW250149355 BCX8\" lang=\"ES-ES\" xml:lang=\"ES-ES\" data-contrast=\"auto\"><span class=\"NormalTextRun SCXW250149355 BCX8\">En el Hospital Cl\u00ednico trabajamos en una red asistencial que incluye otros cuatro hospitales de Madrid, m\u00e1s de 40 centros de salud y la red de urgencias 112. Nuestro objetivo principal es registrar y mejorar los resultados de los pacientes y la poblaci\u00f3n en general. Es fundamental que profesionales, pacientes y sus familias caminemos de la mano en la definici\u00f3n de lo que es un buen resultado. Tenemos que alinear el concepto de valor para que se entienda por todas las partes implicadas en el desarrollo de la asistencia sanitaria.<\/span><\/span><span class=\"EOP SCXW250149355 BCX8\" data-ccp-props=\"{&quot;201341983&quot;:0,&quot;335559739&quot;:160,&quot;335559740&quot;:259}\">\u00a0<\/span><\/p>\n<ul>\n<li><div style=\"width: 1500px;\" class=\"wp-video\"><!--[if lt IE 9]><script>document.createElement('video');<\/script><![endif]-->\n<video class=\"wp-video-shortcode\" id=\"video-2094-1\" width=\"1500\" height=\"844\" preload=\"metadata\" controls=\"controls\"><source type=\"video\/mp4\" src=\"https:\/\/eithealth.es\/thinkandactforvalue\/wp-content\/uploads\/2024\/09\/Copia-de-Promo-Webinars-1920-x-1080-px.mp4?_=1\" \/><a href=\"https:\/\/eithealth.es\/thinkandactforvalue\/wp-content\/uploads\/2024\/09\/Copia-de-Promo-Webinars-1920-x-1080-px.mp4\">https:\/\/eithealth.es\/thinkandactforvalue\/wp-content\/uploads\/2024\/09\/Copia-de-Promo-Webinars-1920-x-1080-px.mp4<\/a><\/video><\/div><\/li>\n<\/ul>\n<h2 class=\"p3\"><b>\u00bfCu\u00e1les son los principales retos que enfrentan los profesionales para implementar modelos de atenci\u00f3n centrados en valor?<\/b><\/h2>\n<p><span class=\"TextRun SCXW234443887 BCX8\" lang=\"ES-ES\" xml:lang=\"ES-ES\" data-contrast=\"auto\"><span class=\"NormalTextRun SCXW234443887 BCX8\">Uno de los mayores retos es el cambio cultural que requiere la ASBV. Pasar de un modelo centrado en el volumen de actividad a uno basado en resultados que importan a los pacientes es un desaf\u00edo, especialmente cuando la estructura organizativa y los incentivos no siempre apoyan este cambio. Adem\u00e1s, la falta de interoperabilidad entre sistemas y la resistencia a compartir datos sigue siendo un obst\u00e1culo importante. Los profesionales tambi\u00e9n necesitan m\u00e1s apoyo y formaci\u00f3n para entender c\u00f3mo aplicar este modelo en su pr\u00e1ctica diaria. A nivel organizativo, es necesario revisar y adaptar los procesos para que realmente se centre en el valor, eliminando tareas administrativas que no aportan valor y adoptando nuevas tecnolog\u00edas que faciliten este cambio.\u00a0<\/span><\/span><span class=\"EOP SCXW234443887 BCX8\" data-ccp-props=\"{&quot;201341983&quot;:0,&quot;335559739&quot;:160,&quot;335559740&quot;:259}\">\u00a0<\/span><\/p>\n<blockquote><p><strong><span class=\"TextRun SCXW219752123 BCX8\" lang=\"ES-ES\" xml:lang=\"ES-ES\" data-contrast=\"none\"><span class=\"NormalTextRun SCXW219752123 BCX8\">\u201c<\/span><span class=\"NormalTextRun SCXW219752123 BCX8\">Sin un apoyo claro y decidido desde las administraciones, ser\u00e1 dif\u00edcil implementar la ASBV de manera efectiva en todos los niveles del sistema sanitario<\/span><span class=\"NormalTextRun SCXW219752123 BCX8\">\u201d<\/span><\/span><span class=\"EOP SCXW219752123 BCX8\" data-ccp-props=\"{&quot;201341983&quot;:0,&quot;335559739&quot;:160,&quot;335559740&quot;:259}\">\u00a0<\/span><\/strong><\/p><\/blockquote>\n<h2 class=\"p3\"><b>\u00bfQu\u00e9 papel juegan las pol\u00edticas de salud en la adopci\u00f3n de la ASBV?<\/b><\/h2>\n<p><span class=\"TextRun SCXW82335185 BCX8\" lang=\"ES-ES\" xml:lang=\"ES-ES\" data-contrast=\"auto\"><span class=\"NormalTextRun SCXW82335185 BCX8\">Las pol\u00edticas de salud son fundamentales para facilitar la adopci\u00f3n de la ASBV. Necesitamos un marco normativo que apoye el cambio hacia la evaluaci\u00f3n y la retribuci\u00f3n basada en el valor. Esto incluye pol\u00edticas que promuevan la interoperabilidad de los datos, incentivos para la innovaci\u00f3n y la integraci\u00f3n de tecnolog\u00edas digitales en la atenci\u00f3n sanitaria. Tambi\u00e9n es <\/span><span class=\"NormalTextRun SCXW82335185 BCX8\">esencial<\/span><span class=\"NormalTextRun SCXW82335185 BCX8\"> contar con el respaldo pol\u00edtico para fomentar una cultura de colaboraci\u00f3n y de medici\u00f3n de resultados a largo plazo. Sin un apoyo claro y decidido desde las administraciones, ser\u00e1 dif\u00edcil implementar la ASBV de manera efectiva en todos los niveles del sistema sanitario.<\/span><\/span><span class=\"EOP SCXW82335185 BCX8\" data-ccp-props=\"{&quot;201341983&quot;:0,&quot;335559739&quot;:160,&quot;335559740&quot;:259}\">\u00a0<\/span><\/p>\n<h2 class=\"p3\"><b>\u00bfC\u00f3mo puede la ASBV contribuir a reducir las desigualdades en el acceso a la atenci\u00f3n sanitaria?<\/b><\/h2>\n<p><span data-contrast=\"auto\">La equidad de acceso es un elemento clave de la ASBV, relacionado con la solidaridad y el concepto social de ofrecer la misma calidad de atenci\u00f3n a todos los pacientes, independientemente de su lugar de residencia. La ASBV tiene un gran potencial para reducir desigualdades porque se centra en ofrecer el mejor resultado posible a cada paciente, independientemente de su situaci\u00f3n personal o lugar de residencia.<\/span><span data-ccp-props=\"{&quot;201341983&quot;:0,&quot;335559739&quot;:160,&quot;335559740&quot;:259}\">\u00a0<\/span><\/p>\n<p><span data-contrast=\"auto\">Por ejemplo, en el Cl\u00ednico, uno de nuestros proyectos se centra en asegurar que los pacientes con enfermedades cardiovasculares, sin importar su ubicaci\u00f3n, reciban el mismo est\u00e1ndar de atenci\u00f3n. La clave est\u00e1 en utilizar datos para identificar y abordar las disparidades, y en dise\u00f1ar sistemas que permitan un acceso equitativo a los servicios de salud. Esto no solo mejora la equidad, sino que tambi\u00e9n optimiza los recursos del sistema sanitario al priorizar intervenciones que realmente aportan valor.<\/span><span data-ccp-props=\"{&quot;201341983&quot;:0,&quot;335559739&quot;:160,&quot;335559740&quot;:259}\">\u00a0<\/span><\/p>\n<blockquote><p><span class=\"TextRun SCXW70689914 BCX8\" lang=\"ES-ES\" xml:lang=\"ES-ES\" data-contrast=\"none\"><span class=\"NormalTextRun SCXW70689914 BCX8\">\u201c<\/span><span class=\"NormalTextRun SCXW70689914 BCX8\">Un l\u00edder cl\u00ednico debe tener una visi\u00f3n estrat\u00e9gica amplia, capaz de anticiparse a c\u00f3mo las decisiones actuales impactar\u00e1n en el futuro<\/span><span class=\"NormalTextRun SCXW70689914 BCX8\">\u201d<\/span><\/span><span class=\"EOP SCXW70689914 BCX8\" data-ccp-props=\"{&quot;201341983&quot;:0,&quot;335559739&quot;:160,&quot;335559740&quot;:259}\">\u00a0<\/span><\/p><\/blockquote>\n<h2 class=\"p3\"><b>\u00bfC\u00f3mo se puede formar a los cl\u00ednicos en este cambio hacia la ASBV?\u00a0<\/b><\/h2>\n<p><span class=\"TextRun SCXW157318069 BCX8\" lang=\"ES-ES\" xml:lang=\"ES-ES\" data-contrast=\"auto\"><span class=\"NormalTextRun SCXW157318069 BCX8\">Actualmente no hay una formaci\u00f3n reglada espec\u00edfica para esto. Lo poco que los profesionales aprenden sobre gesti\u00f3n del valor en su etapa <\/span><span class=\"NormalTextRun SpellingErrorV2Themed SCXW157318069 BCX8\">pregraduada<\/span><span class=\"NormalTextRun SCXW157318069 BCX8\"> est\u00e1 muy ligado a la investigaci\u00f3n cient\u00edfica, pero no a la ASBV. Es necesario introducir esta disciplina de manera m\u00e1s sistematizada desde el principio, para que los profesionales lo tengan presente al desarrollar su pr\u00e1ctica asistencial. Tambi\u00e9n debemos fomentar la formaci\u00f3n continua para que los profesionales entiendan la importancia de medir los resultados desde la perspectiva del paciente.<\/span><\/span><span class=\"EOP SCXW157318069 BCX8\" data-ccp-props=\"{&quot;201341983&quot;:0,&quot;335559739&quot;:160,&quot;335559740&quot;:259}\">\u00a0<\/span><\/p>\n<h2 class=\"p3\"><b>\u00bfQu\u00e9 caracter\u00edsticas debe tener un l\u00edder cl\u00ednico en este contexto?\u00a0<\/b><\/h2>\n<p><span class=\"TextRun SCXW21674998 BCX8\" lang=\"ES-ES\" xml:lang=\"ES-ES\" data-contrast=\"auto\"><span class=\"NormalTextRun SCXW21674998 BCX8\">Un l\u00edder cl\u00ednico debe tener una visi\u00f3n estrat\u00e9gica amplia, capaz de anticiparse a c\u00f3mo las decisiones actuales impactar\u00e1n en el futuro. No solo en t\u00e9rminos de resultados para los pacientes, sino tambi\u00e9n en la sostenibilidad econ\u00f3mica y medioambiental del sistema de salud. Tambi\u00e9n es <\/span><span class=\"NormalTextRun SCXW21674998 BCX8\">primordial<\/span><span class=\"NormalTextRun SCXW21674998 BCX8\"> una capacidad de comunicaci\u00f3n efectiva con los equipos, los profesionales y los gestores para impulsar cambios de manera coordinada. Estos l\u00edderes <\/span><span class=\"NormalTextRun SCXW21674998 BCX8\">cl\u00ednicos <\/span><span class=\"NormalTextRun SCXW21674998 BCX8\">deben recoger e incorporar nuevas necesidades y tendencias en su organizaci\u00f3n para adaptar el modelo asistencial a los desaf\u00edos emergentes.\u00a0<\/span><\/span><span class=\"EOP SCXW21674998 BCX8\" data-ccp-props=\"{&quot;201341983&quot;:0,&quot;335559739&quot;:160,&quot;335559740&quot;:259}\">\u00a0<\/span><\/p>\n<h2 class=\"p3\"><b>\u00bfQu\u00e9 papel juegan la tecnolog\u00eda y la IA en la ASBV?<\/b><\/h2>\n<p><span data-contrast=\"auto\">La tecnolog\u00eda y la inteligencia artificial tienen un papel fundamental en la transformaci\u00f3n de la asistencia sanitaria. Para ello, hemos comprobado que la formaci\u00f3n de equipos multidisciplinares que incluyan tecn\u00f3logos junto a profesionales sanitarios mejora nuestra capacidad para manejar herramientas complejas y optimizar los procesos asistenciales.\u00a0<\/span><span data-ccp-props=\"{&quot;201341983&quot;:0,&quot;335559739&quot;:160,&quot;335559740&quot;:259}\">\u00a0<\/span><\/p>\n<p><span data-contrast=\"auto\">La IA, en particular, puede ayudar a reducir la carga administrativa y mejorar la eficiencia, lo que permite a los profesionales centrarse en el cuidado del paciente. En el Hospital Cl\u00ednico estamos integrando ingenieros biom\u00e9dicos y de telecomunicaciones en nuestros equipos cl\u00ednicos, y esto ha resultado muy beneficioso para todos. Adem\u00e1s, estamos utilizando IA para analizar grandes vol\u00famenes de datos de pacientes y obtener informaci\u00f3n que ayuda a personalizar tratamientos.\u00a0<\/span><span data-ccp-props=\"{&quot;201341983&quot;:0,&quot;335559739&quot;:160,&quot;335559740&quot;:259}\">\u00a0<\/span><\/p>\n<ul>\n<li><div style=\"width: 1500px;\" class=\"wp-video\"><video class=\"wp-video-shortcode\" id=\"video-2094-2\" width=\"1500\" height=\"844\" preload=\"metadata\" controls=\"controls\"><source type=\"video\/mp4\" src=\"https:\/\/eithealth.es\/thinkandactforvalue\/wp-content\/uploads\/2024\/09\/Maria-Luaces_2.mp4?_=2\" \/><a href=\"https:\/\/eithealth.es\/thinkandactforvalue\/wp-content\/uploads\/2024\/09\/Maria-Luaces_2.mp4\">https:\/\/eithealth.es\/thinkandactforvalue\/wp-content\/uploads\/2024\/09\/Maria-Luaces_2.mp4<\/a><\/video><\/div><\/li>\n<\/ul>\n<h2 class=\"p3\"><b>Has mencionado la importancia de la colaboraci\u00f3n interdisciplinar. \u00bfC\u00f3mo se puede fomentar esta colaboraci\u00f3n en un entorno hospitalario?\u00a0<\/b><\/h2>\n<p><span class=\"TextRun SCXW94732802 BCX8\" lang=\"ES-ES\" xml:lang=\"ES-ES\" data-contrast=\"auto\"><span class=\"NormalTextRun SCXW94732802 BCX8\">La colaboraci\u00f3n interdisciplinar es esencial en un entorno tan complejo como el sanitario. En el Cl\u00ednico, hemos promovido la integraci\u00f3n de ingenieros biom\u00e9dicos y otros profesionales tecnol\u00f3gicos dentro de nuestros equipos cl\u00ednicos. Esta colaboraci\u00f3n ha permitido que los tecn\u00f3logos entiendan mejor las necesidades de los sanitarios y viceversa. Adem\u00e1s, la formaci\u00f3n de equipos multidisciplinares en la atenci\u00f3n de patolog\u00edas complejas permite una visi\u00f3n m\u00e1s completa del paciente y optimiza los recursos. Fomentar esta integraci\u00f3n no es sencillo y requiere tiempo, pero los beneficios en t\u00e9rminos de calidad asistencial y satisfacci\u00f3n profesional son enormes.<\/span><\/span><span class=\"EOP SCXW94732802 BCX8\" data-ccp-props=\"{&quot;201341983&quot;:0,&quot;335559739&quot;:160,&quot;335559740&quot;:259}\">\u00a0<\/span><\/p>\n<blockquote><p><span class=\"TextRun SCXW120957838 BCX8\" lang=\"ES-ES\" xml:lang=\"ES-ES\" data-contrast=\"none\"><span class=\"NormalTextRun SCXW120957838 BCX8\">\u201c<\/span><span class=\"NormalTextRun SCXW120957838 BCX8\">Necesitamos datos precisos y fiables para medir los resultados en salud y as\u00ed saber qu\u00e9 tratamientos realmente generan valor<\/span><span class=\"NormalTextRun SCXW120957838 BCX8\">\u201d<\/span><\/span><\/p><\/blockquote>\n<h2 class=\"p3\"><b>En el contexto de la ASBV, \u00bfc\u00f3mo se pueden medir mejor los resultados en salud que realmente importan a los pacientes?<\/b><\/h2>\n<p><span class=\"TextRun SCXW119185623 BCX8\" lang=\"ES-ES\" xml:lang=\"ES-ES\" data-contrast=\"auto\"><span class=\"NormalTextRun SCXW119185623 BCX8\">Medir los resultados en salud desde la perspectiva del paciente implica utilizar herramientas como los cuestionarios <\/span><span class=\"NormalTextRun SpellingErrorV2Themed SCXW119185623 BCX8\">PROMs<\/span><span class=\"NormalTextRun SCXW119185623 BCX8\"> (<\/span><span class=\"NormalTextRun SpellingErrorV2Themed SCXW119185623 BCX8\">Patient-Reported<\/span> <span class=\"NormalTextRun SpellingErrorV2Themed SCXW119185623 BCX8\">Outcome<\/span> <span class=\"NormalTextRun SpellingErrorV2Themed SCXW119185623 BCX8\">Measures<\/span><span class=\"NormalTextRun SCXW119185623 BCX8\">) y <\/span><span class=\"NormalTextRun SpellingErrorV2Themed SCXW119185623 BCX8\">PREMs<\/span><span class=\"NormalTextRun SCXW119185623 BCX8\"> (<\/span><span class=\"NormalTextRun SpellingErrorV2Themed SCXW119185623 BCX8\">Patient-Reported<\/span> <span class=\"NormalTextRun SpellingErrorV2Themed SCXW119185623 BCX8\">Experience<\/span> <span class=\"NormalTextRun SpellingErrorV2Themed SCXW119185623 BCX8\">Measures<\/span><span class=\"NormalTextRun SCXW119185623 BCX8\">). Estas herramientas nos permiten conocer no solo la efectividad de un tratamiento, sino tambi\u00e9n c\u00f3mo lo percibe el paciente y c\u00f3mo afecta a su calidad de vida. En el Hospital Cl\u00ednico estamos implementando estas medidas de manera sistem\u00e1tica para evaluar y mejorar continuamente nuestra atenci\u00f3n. Aun as\u00ed, es importante que estos datos sean compartidos y utilizados por todos los actores del sistema, para que realmente influyan en la toma de decisiones.<\/span><\/span><span class=\"EOP SCXW119185623 BCX8\" data-ccp-props=\"{&quot;201341983&quot;:0,&quot;335559739&quot;:160,&quot;335559740&quot;:259}\">\u00a0<\/span><\/p>\n<h2 class=\"p3\"><b>\u00bfCu\u00e1l es el papel de los datos en la transformaci\u00f3n de la asistencia sanitaria?<\/b><\/h2>\n<p><span class=\"TextRun SCXW139346028 BCX8\" lang=\"ES-ES\" xml:lang=\"ES-ES\" data-contrast=\"auto\"><span class=\"NormalTextRun SCXW139346028 BCX8\">Los datos son la base sobre la que se construye la ASBV. Necesitamos datos precisos y fiables para medir los resultados en salud y as\u00ed saber qu\u00e9 tratamientos realmente generan valor. Pero no solo se trata de recolectar datos, sino de compartirlos y utilizarlos de manera eficiente. La interoperabilidad entre sistemas es clave para evitar silos de informaci\u00f3n. En nuestra unidad de innovaci\u00f3n trabajamos para que todos los datos relevantes est\u00e9n disponibles para los profesionales, de forma que puedan utilizarlos en la toma de decisiones cl\u00ednicas. Esto no solo <\/span><span class=\"NormalTextRun SCXW139346028 BCX8\">mejora los resultados para los pacientes, sino que tambi\u00e9n ayuda a los profesionales a sentirse m\u00e1s conectados y valorados en su trabajo.<\/span><\/span><span class=\"EOP SCXW139346028 BCX8\" data-ccp-props=\"{&quot;201341983&quot;:0,&quot;335559739&quot;:160,&quot;335559740&quot;:259}\">\u00a0<\/span><\/p>\n<blockquote><p><span class=\"TextRun SCXW146922977 BCX8\" lang=\"ES-ES\" xml:lang=\"ES-ES\" data-contrast=\"none\"><span class=\"NormalTextRun SCXW146922977 BCX8\">\u201c<\/span><span class=\"NormalTextRun SCXW146922977 BCX8\">Uno de los mayores retos es cambiar la mentalidad tanto de los profesionales como de los gestores<\/span><span class=\"NormalTextRun SCXW146922977 BCX8\">\u201d<\/span><\/span><\/p><\/blockquote>\n<h2 class=\"p3\"><b>\u00bfQu\u00e9 retos consideras en la implementaci\u00f3n de la ASBV en el Sistema Nacional de Salud?\u00a0<\/b><\/h2>\n<p><span class=\"TextRun SCXW246094792 BCX8\" lang=\"ES-ES\" xml:lang=\"ES-ES\" data-contrast=\"auto\"><span class=\"NormalTextRun SCXW246094792 BCX8\">Uno de los mayores retos es cambiar la mentalidad tanto de los profesionales como de los gestores. Necesitamos medir de forma diferente, y para eso es esencial contar con el apoyo de las direcciones organizativas y la formaci\u00f3n adecuada para que todos los profesionales entiendan y adopten este nuevo enfoque. Otro desaf\u00edo es garantizar que todos los actores del sistema sanitario compartan datos y colaboren, evitando la resistencia a compartir informaci\u00f3n que todav\u00eda existe entre los profesionales. Adem\u00e1s, la carga administrativa actual impide a muchos profesionales centrarse en lo que realmente genera valor para el paciente, y la IA puede ser una herramienta clave para resolver este problema.<\/span><\/span><\/p>\n<h2 class=\"p3\"><b>Si tuvieras que definir con tres palabras clave el marco de actuaci\u00f3n para potenciar la Asistencia Sanitaria Basada en Valor entre los profesionales sanitarios, \u00bfcu\u00e1les ser\u00edan?<\/b><\/h2>\n<p><span data-contrast=\"auto\">Las tres palabras clave son formaci\u00f3n, implicaci\u00f3n y apoyo.<\/span><span data-ccp-props=\"{&quot;201341983&quot;:0,&quot;335559739&quot;:160,&quot;335559740&quot;:259}\">\u00a0<\/span><\/p>\n<p><span data-contrast=\"auto\">La formaci\u00f3n es esencial para que los profesionales comprendan qu\u00e9 es la ASBV y c\u00f3mo aplicarla en su pr\u00e1ctica diaria. La implicaci\u00f3n es clave para que se sientan parte activa del cambio, participando en la definici\u00f3n de indicadores de valor y viendo el impacto de su trabajo en la atenci\u00f3n al paciente. Y finalmente, el apoyo de los gestores y directivos es imprescindible para eliminar barreras y asignar recursos que permitan implementar la ASBV de manera efectiva.\u00a0<\/span><span data-ccp-props=\"{&quot;201341983&quot;:0,&quot;335559739&quot;:160,&quot;335559740&quot;:259}\">\u00a0<\/span><\/p>\n","protected":false},"excerpt":{"rendered":"<p>Mar\u00eda Luaces, cardi\u00f3loga y directora de la Unidad de Innovaci\u00f3n en el Hospital Cl\u00ednico San Carlos de Madrid, comparti\u00f3 en un reciente webinar organizado por Think&amp;Act for Value sus perspectivas sobre c\u00f3mo la Asistencia Sanitaria Basada en Valor (ASBV) puede transformar la atenci\u00f3n a pacientes y mejorar los resultados en salud. En esta entrevista, la [&hellip;]<\/p>\n","protected":false},"author":8,"featured_media":2095,"comment_status":"closed","ping_status":"open","sticky":false,"template":"","format":"standard","meta":{"footnotes":""},"categories":[22],"tags":[],"yoast_head":"<!-- This site is optimized with the Yoast SEO plugin v22.9 - https:\/\/yoast.com\/wordpress\/plugins\/seo\/ -->\n<title>Mar\u00eda Luaces: \u201cNecesitamos un marco normativo que apoye el cambio hacia la evaluaci\u00f3n y la retribuci\u00f3n basada en valor\u201d - thinkandactforvalue.com<\/title>\n<meta name=\"robots\" content=\"index, follow, max-snippet:-1, max-image-preview:large, max-video-preview:-1\" \/>\n<link rel=\"canonical\" href=\"https:\/\/eithealth.es\/thinkandactforvalue\/maria-luaces-necesitamos-un-marco-normativo-que-apoye-el-cambio-hacia-la-evaluacion-y-la-retribucion-basada-en-valor\/\" \/>\n<meta property=\"og:locale\" content=\"es_ES\" \/>\n<meta property=\"og:type\" content=\"article\" \/>\n<meta property=\"og:title\" content=\"Mar\u00eda Luaces: \u201cNecesitamos un marco normativo que apoye el cambio hacia la evaluaci\u00f3n y la retribuci\u00f3n basada en valor\u201d - thinkandactforvalue.com\" \/>\n<meta property=\"og:description\" content=\"Mar\u00eda Luaces, cardi\u00f3loga y directora de la Unidad de Innovaci\u00f3n en el Hospital Cl\u00ednico San Carlos de Madrid, comparti\u00f3 en un reciente webinar organizado por Think&amp;Act for Value sus perspectivas sobre c\u00f3mo la Asistencia Sanitaria Basada en Valor (ASBV) puede transformar la atenci\u00f3n a pacientes y mejorar los resultados en salud. En esta entrevista, la [&hellip;]\" \/>\n<meta property=\"og:url\" content=\"https:\/\/eithealth.es\/thinkandactforvalue\/maria-luaces-necesitamos-un-marco-normativo-que-apoye-el-cambio-hacia-la-evaluacion-y-la-retribucion-basada-en-valor\/\" \/>\n<meta property=\"og:site_name\" content=\"thinkandactforvalue.com\" \/>\n<meta property=\"article:published_time\" content=\"2024-09-30T07:50:10+00:00\" \/>\n<meta property=\"article:modified_time\" content=\"2024-09-30T10:04:59+00:00\" \/>\n<meta property=\"og:image\" content=\"https:\/\/eithealth.es\/thinkandactforvalue\/wp-content\/uploads\/2024\/09\/Copia-de-Promo-Webinars-1920-x-1080-px.jpg\" \/>\n\t<meta property=\"og:image:width\" content=\"1920\" \/>\n\t<meta property=\"og:image:height\" content=\"1080\" \/>\n\t<meta property=\"og:image:type\" content=\"image\/jpeg\" \/>\n<meta name=\"author\" content=\"Angeles Barrios\" \/>\n<meta name=\"twitter:card\" content=\"summary_large_image\" \/>\n<meta name=\"twitter:label1\" content=\"Escrito por\" \/>\n\t<meta name=\"twitter:data1\" content=\"Angeles Barrios\" \/>\n\t<meta name=\"twitter:label2\" content=\"Tiempo de lectura\" \/>\n\t<meta name=\"twitter:data2\" content=\"8 minutos\" \/>\n<script type=\"application\/ld+json\" class=\"yoast-schema-graph\">{\"@context\":\"https:\/\/schema.org\",\"@graph\":[{\"@type\":\"Article\",\"@id\":\"https:\/\/eithealth.es\/thinkandactforvalue\/maria-luaces-necesitamos-un-marco-normativo-que-apoye-el-cambio-hacia-la-evaluacion-y-la-retribucion-basada-en-valor\/#article\",\"isPartOf\":{\"@id\":\"https:\/\/eithealth.es\/thinkandactforvalue\/maria-luaces-necesitamos-un-marco-normativo-que-apoye-el-cambio-hacia-la-evaluacion-y-la-retribucion-basada-en-valor\/\"},\"author\":{\"name\":\"Angeles Barrios\",\"@id\":\"https:\/\/eithealth.es\/thinkandactforvalue\/#\/schema\/person\/ecc88a95a5c21a1b16591e0070d2edf6\"},\"headline\":\"Mar\u00eda Luaces: \u201cNecesitamos un marco normativo que apoye el cambio hacia la evaluaci\u00f3n y la retribuci\u00f3n basada en valor\u201d\",\"datePublished\":\"2024-09-30T07:50:10+00:00\",\"dateModified\":\"2024-09-30T10:04:59+00:00\",\"mainEntityOfPage\":{\"@id\":\"https:\/\/eithealth.es\/thinkandactforvalue\/maria-luaces-necesitamos-un-marco-normativo-que-apoye-el-cambio-hacia-la-evaluacion-y-la-retribucion-basada-en-valor\/\"},\"wordCount\":1937,\"publisher\":{\"@id\":\"https:\/\/eithealth.es\/thinkandactforvalue\/#organization\"},\"image\":{\"@id\":\"https:\/\/eithealth.es\/thinkandactforvalue\/maria-luaces-necesitamos-un-marco-normativo-que-apoye-el-cambio-hacia-la-evaluacion-y-la-retribucion-basada-en-valor\/#primaryimage\"},\"thumbnailUrl\":\"https:\/\/eithealth.es\/thinkandactforvalue\/wp-content\/uploads\/2024\/09\/Copia-de-Promo-Webinars-1920-x-1080-px.jpg\",\"articleSection\":[\"Art\u00edculos\"],\"inLanguage\":\"es\"},{\"@type\":\"WebPage\",\"@id\":\"https:\/\/eithealth.es\/thinkandactforvalue\/maria-luaces-necesitamos-un-marco-normativo-que-apoye-el-cambio-hacia-la-evaluacion-y-la-retribucion-basada-en-valor\/\",\"url\":\"https:\/\/eithealth.es\/thinkandactforvalue\/maria-luaces-necesitamos-un-marco-normativo-que-apoye-el-cambio-hacia-la-evaluacion-y-la-retribucion-basada-en-valor\/\",\"name\":\"Mar\u00eda Luaces: \u201cNecesitamos un marco normativo que apoye el cambio hacia la evaluaci\u00f3n y la retribuci\u00f3n basada en valor\u201d - thinkandactforvalue.com\",\"isPartOf\":{\"@id\":\"https:\/\/eithealth.es\/thinkandactforvalue\/#website\"},\"primaryImageOfPage\":{\"@id\":\"https:\/\/eithealth.es\/thinkandactforvalue\/maria-luaces-necesitamos-un-marco-normativo-que-apoye-el-cambio-hacia-la-evaluacion-y-la-retribucion-basada-en-valor\/#primaryimage\"},\"image\":{\"@id\":\"https:\/\/eithealth.es\/thinkandactforvalue\/maria-luaces-necesitamos-un-marco-normativo-que-apoye-el-cambio-hacia-la-evaluacion-y-la-retribucion-basada-en-valor\/#primaryimage\"},\"thumbnailUrl\":\"https:\/\/eithealth.es\/thinkandactforvalue\/wp-content\/uploads\/2024\/09\/Copia-de-Promo-Webinars-1920-x-1080-px.jpg\",\"datePublished\":\"2024-09-30T07:50:10+00:00\",\"dateModified\":\"2024-09-30T10:04:59+00:00\",\"breadcrumb\":{\"@id\":\"https:\/\/eithealth.es\/thinkandactforvalue\/maria-luaces-necesitamos-un-marco-normativo-que-apoye-el-cambio-hacia-la-evaluacion-y-la-retribucion-basada-en-valor\/#breadcrumb\"},\"inLanguage\":\"es\",\"potentialAction\":[{\"@type\":\"ReadAction\",\"target\":[\"https:\/\/eithealth.es\/thinkandactforvalue\/maria-luaces-necesitamos-un-marco-normativo-que-apoye-el-cambio-hacia-la-evaluacion-y-la-retribucion-basada-en-valor\/\"]}]},{\"@type\":\"ImageObject\",\"inLanguage\":\"es\",\"@id\":\"https:\/\/eithealth.es\/thinkandactforvalue\/maria-luaces-necesitamos-un-marco-normativo-que-apoye-el-cambio-hacia-la-evaluacion-y-la-retribucion-basada-en-valor\/#primaryimage\",\"url\":\"https:\/\/eithealth.es\/thinkandactforvalue\/wp-content\/uploads\/2024\/09\/Copia-de-Promo-Webinars-1920-x-1080-px.jpg\",\"contentUrl\":\"https:\/\/eithealth.es\/thinkandactforvalue\/wp-content\/uploads\/2024\/09\/Copia-de-Promo-Webinars-1920-x-1080-px.jpg\",\"width\":1920,\"height\":1080},{\"@type\":\"BreadcrumbList\",\"@id\":\"https:\/\/eithealth.es\/thinkandactforvalue\/maria-luaces-necesitamos-un-marco-normativo-que-apoye-el-cambio-hacia-la-evaluacion-y-la-retribucion-basada-en-valor\/#breadcrumb\",\"itemListElement\":[{\"@type\":\"ListItem\",\"position\":1,\"name\":\"Portada\",\"item\":\"https:\/\/eithealth.es\/thinkandactforvalue\/inicio-new-2\/\"},{\"@type\":\"ListItem\",\"position\":2,\"name\":\"Mar\u00eda Luaces: \u201cNecesitamos un marco normativo que apoye el cambio hacia la evaluaci\u00f3n y la retribuci\u00f3n basada en valor\u201d\"}]},{\"@type\":\"WebSite\",\"@id\":\"https:\/\/eithealth.es\/thinkandactforvalue\/#website\",\"url\":\"https:\/\/eithealth.es\/thinkandactforvalue\/\",\"name\":\"thinkandactforvalue.com\",\"description\":\"Beneficios de la Atenci\u00f3n Sanitaria Basada en Valor\",\"publisher\":{\"@id\":\"https:\/\/eithealth.es\/thinkandactforvalue\/#organization\"},\"potentialAction\":[{\"@type\":\"SearchAction\",\"target\":{\"@type\":\"EntryPoint\",\"urlTemplate\":\"https:\/\/eithealth.es\/thinkandactforvalue\/?s={search_term_string}\"},\"query-input\":\"required name=search_term_string\"}],\"inLanguage\":\"es\"},{\"@type\":\"Organization\",\"@id\":\"https:\/\/eithealth.es\/thinkandactforvalue\/#organization\",\"name\":\"Think & Act for Value\",\"url\":\"https:\/\/eithealth.es\/thinkandactforvalue\/\",\"logo\":{\"@type\":\"ImageObject\",\"inLanguage\":\"es\",\"@id\":\"https:\/\/eithealth.es\/thinkandactforvalue\/#\/schema\/logo\/image\/\",\"url\":\"https:\/\/eithealth.es\/thinkandactforvalue\/wp-content\/uploads\/2022\/05\/imagotipo_CMYK_01.jpg\",\"contentUrl\":\"https:\/\/eithealth.es\/thinkandactforvalue\/wp-content\/uploads\/2022\/05\/imagotipo_CMYK_01.jpg\",\"width\":1754,\"height\":843,\"caption\":\"Think & Act for Value\"},\"image\":{\"@id\":\"https:\/\/eithealth.es\/thinkandactforvalue\/#\/schema\/logo\/image\/\"}},{\"@type\":\"Person\",\"@id\":\"https:\/\/eithealth.es\/thinkandactforvalue\/#\/schema\/person\/ecc88a95a5c21a1b16591e0070d2edf6\",\"name\":\"Angeles Barrios\",\"image\":{\"@type\":\"ImageObject\",\"inLanguage\":\"es\",\"@id\":\"https:\/\/eithealth.es\/thinkandactforvalue\/#\/schema\/person\/image\/\",\"url\":\"https:\/\/secure.gravatar.com\/avatar\/128403dd14944a187b2788894f0daa38?s=96&d=mm&r=g\",\"contentUrl\":\"https:\/\/secure.gravatar.com\/avatar\/128403dd14944a187b2788894f0daa38?s=96&d=mm&r=g\",\"caption\":\"Angeles Barrios\"}}]}<\/script>\n<!-- \/ Yoast SEO plugin. -->","yoast_head_json":{"title":"Mar\u00eda Luaces: \u201cNecesitamos un marco normativo que apoye el cambio hacia la evaluaci\u00f3n y la retribuci\u00f3n basada en valor\u201d - thinkandactforvalue.com","robots":{"index":"index","follow":"follow","max-snippet":"max-snippet:-1","max-image-preview":"max-image-preview:large","max-video-preview":"max-video-preview:-1"},"canonical":"https:\/\/eithealth.es\/thinkandactforvalue\/maria-luaces-necesitamos-un-marco-normativo-que-apoye-el-cambio-hacia-la-evaluacion-y-la-retribucion-basada-en-valor\/","og_locale":"es_ES","og_type":"article","og_title":"Mar\u00eda Luaces: \u201cNecesitamos un marco normativo que apoye el cambio hacia la evaluaci\u00f3n y la retribuci\u00f3n basada en valor\u201d - thinkandactforvalue.com","og_description":"Mar\u00eda Luaces, cardi\u00f3loga y directora de la Unidad de Innovaci\u00f3n en el Hospital Cl\u00ednico San Carlos de Madrid, comparti\u00f3 en un reciente webinar organizado por Think&amp;Act for Value sus perspectivas sobre c\u00f3mo la Asistencia Sanitaria Basada en Valor (ASBV) puede transformar la atenci\u00f3n a pacientes y mejorar los resultados en salud. En esta entrevista, la [&hellip;]","og_url":"https:\/\/eithealth.es\/thinkandactforvalue\/maria-luaces-necesitamos-un-marco-normativo-que-apoye-el-cambio-hacia-la-evaluacion-y-la-retribucion-basada-en-valor\/","og_site_name":"thinkandactforvalue.com","article_published_time":"2024-09-30T07:50:10+00:00","article_modified_time":"2024-09-30T10:04:59+00:00","og_image":[{"width":1920,"height":1080,"url":"https:\/\/eithealth.es\/thinkandactforvalue\/wp-content\/uploads\/2024\/09\/Copia-de-Promo-Webinars-1920-x-1080-px.jpg","type":"image\/jpeg"}],"author":"Angeles Barrios","twitter_card":"summary_large_image","twitter_misc":{"Escrito por":"Angeles Barrios","Tiempo de lectura":"8 minutos"},"schema":{"@context":"https:\/\/schema.org","@graph":[{"@type":"Article","@id":"https:\/\/eithealth.es\/thinkandactforvalue\/maria-luaces-necesitamos-un-marco-normativo-que-apoye-el-cambio-hacia-la-evaluacion-y-la-retribucion-basada-en-valor\/#article","isPartOf":{"@id":"https:\/\/eithealth.es\/thinkandactforvalue\/maria-luaces-necesitamos-un-marco-normativo-que-apoye-el-cambio-hacia-la-evaluacion-y-la-retribucion-basada-en-valor\/"},"author":{"name":"Angeles Barrios","@id":"https:\/\/eithealth.es\/thinkandactforvalue\/#\/schema\/person\/ecc88a95a5c21a1b16591e0070d2edf6"},"headline":"Mar\u00eda Luaces: \u201cNecesitamos un marco normativo que apoye el cambio hacia la evaluaci\u00f3n y la retribuci\u00f3n basada en valor\u201d","datePublished":"2024-09-30T07:50:10+00:00","dateModified":"2024-09-30T10:04:59+00:00","mainEntityOfPage":{"@id":"https:\/\/eithealth.es\/thinkandactforvalue\/maria-luaces-necesitamos-un-marco-normativo-que-apoye-el-cambio-hacia-la-evaluacion-y-la-retribucion-basada-en-valor\/"},"wordCount":1937,"publisher":{"@id":"https:\/\/eithealth.es\/thinkandactforvalue\/#organization"},"image":{"@id":"https:\/\/eithealth.es\/thinkandactforvalue\/maria-luaces-necesitamos-un-marco-normativo-que-apoye-el-cambio-hacia-la-evaluacion-y-la-retribucion-basada-en-valor\/#primaryimage"},"thumbnailUrl":"https:\/\/eithealth.es\/thinkandactforvalue\/wp-content\/uploads\/2024\/09\/Copia-de-Promo-Webinars-1920-x-1080-px.jpg","articleSection":["Art\u00edculos"],"inLanguage":"es"},{"@type":"WebPage","@id":"https:\/\/eithealth.es\/thinkandactforvalue\/maria-luaces-necesitamos-un-marco-normativo-que-apoye-el-cambio-hacia-la-evaluacion-y-la-retribucion-basada-en-valor\/","url":"https:\/\/eithealth.es\/thinkandactforvalue\/maria-luaces-necesitamos-un-marco-normativo-que-apoye-el-cambio-hacia-la-evaluacion-y-la-retribucion-basada-en-valor\/","name":"Mar\u00eda Luaces: \u201cNecesitamos un marco normativo que apoye el cambio hacia la evaluaci\u00f3n y la retribuci\u00f3n basada en valor\u201d - thinkandactforvalue.com","isPartOf":{"@id":"https:\/\/eithealth.es\/thinkandactforvalue\/#website"},"primaryImageOfPage":{"@id":"https:\/\/eithealth.es\/thinkandactforvalue\/maria-luaces-necesitamos-un-marco-normativo-que-apoye-el-cambio-hacia-la-evaluacion-y-la-retribucion-basada-en-valor\/#primaryimage"},"image":{"@id":"https:\/\/eithealth.es\/thinkandactforvalue\/maria-luaces-necesitamos-un-marco-normativo-que-apoye-el-cambio-hacia-la-evaluacion-y-la-retribucion-basada-en-valor\/#primaryimage"},"thumbnailUrl":"https:\/\/eithealth.es\/thinkandactforvalue\/wp-content\/uploads\/2024\/09\/Copia-de-Promo-Webinars-1920-x-1080-px.jpg","datePublished":"2024-09-30T07:50:10+00:00","dateModified":"2024-09-30T10:04:59+00:00","breadcrumb":{"@id":"https:\/\/eithealth.es\/thinkandactforvalue\/maria-luaces-necesitamos-un-marco-normativo-que-apoye-el-cambio-hacia-la-evaluacion-y-la-retribucion-basada-en-valor\/#breadcrumb"},"inLanguage":"es","potentialAction":[{"@type":"ReadAction","target":["https:\/\/eithealth.es\/thinkandactforvalue\/maria-luaces-necesitamos-un-marco-normativo-que-apoye-el-cambio-hacia-la-evaluacion-y-la-retribucion-basada-en-valor\/"]}]},{"@type":"ImageObject","inLanguage":"es","@id":"https:\/\/eithealth.es\/thinkandactforvalue\/maria-luaces-necesitamos-un-marco-normativo-que-apoye-el-cambio-hacia-la-evaluacion-y-la-retribucion-basada-en-valor\/#primaryimage","url":"https:\/\/eithealth.es\/thinkandactforvalue\/wp-content\/uploads\/2024\/09\/Copia-de-Promo-Webinars-1920-x-1080-px.jpg","contentUrl":"https:\/\/eithealth.es\/thinkandactforvalue\/wp-content\/uploads\/2024\/09\/Copia-de-Promo-Webinars-1920-x-1080-px.jpg","width":1920,"height":1080},{"@type":"BreadcrumbList","@id":"https:\/\/eithealth.es\/thinkandactforvalue\/maria-luaces-necesitamos-un-marco-normativo-que-apoye-el-cambio-hacia-la-evaluacion-y-la-retribucion-basada-en-valor\/#breadcrumb","itemListElement":[{"@type":"ListItem","position":1,"name":"Portada","item":"https:\/\/eithealth.es\/thinkandactforvalue\/inicio-new-2\/"},{"@type":"ListItem","position":2,"name":"Mar\u00eda Luaces: \u201cNecesitamos un marco normativo que apoye el cambio hacia la evaluaci\u00f3n y la retribuci\u00f3n basada en valor\u201d"}]},{"@type":"WebSite","@id":"https:\/\/eithealth.es\/thinkandactforvalue\/#website","url":"https:\/\/eithealth.es\/thinkandactforvalue\/","name":"thinkandactforvalue.com","description":"Beneficios de la Atenci\u00f3n Sanitaria Basada en Valor","publisher":{"@id":"https:\/\/eithealth.es\/thinkandactforvalue\/#organization"},"potentialAction":[{"@type":"SearchAction","target":{"@type":"EntryPoint","urlTemplate":"https:\/\/eithealth.es\/thinkandactforvalue\/?s={search_term_string}"},"query-input":"required name=search_term_string"}],"inLanguage":"es"},{"@type":"Organization","@id":"https:\/\/eithealth.es\/thinkandactforvalue\/#organization","name":"Think & Act for Value","url":"https:\/\/eithealth.es\/thinkandactforvalue\/","logo":{"@type":"ImageObject","inLanguage":"es","@id":"https:\/\/eithealth.es\/thinkandactforvalue\/#\/schema\/logo\/image\/","url":"https:\/\/eithealth.es\/thinkandactforvalue\/wp-content\/uploads\/2022\/05\/imagotipo_CMYK_01.jpg","contentUrl":"https:\/\/eithealth.es\/thinkandactforvalue\/wp-content\/uploads\/2022\/05\/imagotipo_CMYK_01.jpg","width":1754,"height":843,"caption":"Think & Act for Value"},"image":{"@id":"https:\/\/eithealth.es\/thinkandactforvalue\/#\/schema\/logo\/image\/"}},{"@type":"Person","@id":"https:\/\/eithealth.es\/thinkandactforvalue\/#\/schema\/person\/ecc88a95a5c21a1b16591e0070d2edf6","name":"Angeles Barrios","image":{"@type":"ImageObject","inLanguage":"es","@id":"https:\/\/eithealth.es\/thinkandactforvalue\/#\/schema\/person\/image\/","url":"https:\/\/secure.gravatar.com\/avatar\/128403dd14944a187b2788894f0daa38?s=96&d=mm&r=g","contentUrl":"https:\/\/secure.gravatar.com\/avatar\/128403dd14944a187b2788894f0daa38?s=96&d=mm&r=g","caption":"Angeles Barrios"}}]}},"_links":{"self":[{"href":"https:\/\/eithealth.es\/thinkandactforvalue\/wp-json\/wp\/v2\/posts\/2094"}],"collection":[{"href":"https:\/\/eithealth.es\/thinkandactforvalue\/wp-json\/wp\/v2\/posts"}],"about":[{"href":"https:\/\/eithealth.es\/thinkandactforvalue\/wp-json\/wp\/v2\/types\/post"}],"author":[{"embeddable":true,"href":"https:\/\/eithealth.es\/thinkandactforvalue\/wp-json\/wp\/v2\/users\/8"}],"replies":[{"embeddable":true,"href":"https:\/\/eithealth.es\/thinkandactforvalue\/wp-json\/wp\/v2\/comments?post=2094"}],"version-history":[{"count":6,"href":"https:\/\/eithealth.es\/thinkandactforvalue\/wp-json\/wp\/v2\/posts\/2094\/revisions"}],"predecessor-version":[{"id":2102,"href":"https:\/\/eithealth.es\/thinkandactforvalue\/wp-json\/wp\/v2\/posts\/2094\/revisions\/2102"}],"wp:featuredmedia":[{"embeddable":true,"href":"https:\/\/eithealth.es\/thinkandactforvalue\/wp-json\/wp\/v2\/media\/2095"}],"wp:attachment":[{"href":"https:\/\/eithealth.es\/thinkandactforvalue\/wp-json\/wp\/v2\/media?parent=2094"}],"wp:term":[{"taxonomy":"category","embeddable":true,"href":"https:\/\/eithealth.es\/thinkandactforvalue\/wp-json\/wp\/v2\/categories?post=2094"},{"taxonomy":"post_tag","embeddable":true,"href":"https:\/\/eithealth.es\/thinkandactforvalue\/wp-json\/wp\/v2\/tags?post=2094"}],"curies":[{"name":"wp","href":"https:\/\/api.w.org\/{rel}","templated":true}]}}