{"id":1906,"date":"2024-06-28T09:41:57","date_gmt":"2024-06-28T09:41:57","guid":{"rendered":"https:\/\/eithealth.es\/thinkandactforvalue\/?p=1906"},"modified":"2024-07-02T12:33:23","modified_gmt":"2024-07-02T12:33:23","slug":"izabel-alfany-acelerando-la-innovacion-en-salud-con-el-proyecto-radar-value","status":"publish","type":"post","link":"https:\/\/eithealth.es\/thinkandactforvalue\/izabel-alfany-acelerando-la-innovacion-en-salud-con-el-proyecto-radar-value\/","title":{"rendered":"Izabel Alfany: Acelerando la innovaci\u00f3n en Salud con el proyecto Radar Value"},"content":{"rendered":"<p class=\"p1\">La directora de <a href=\"https:\/\/eithealth.eu\/spain-2\/?lang=es\"><span class=\"s1\">EIT Health<\/span><\/a>, Izabel Alfany, nos invita a explorar el <a href=\"https:\/\/eithealth.es\/thinkandactforvalue\/convocatoria-de-proyectos\/\"><span class=\"s1\">Proyecto Radar Value<\/span><\/a> de <a href=\"https:\/\/eithealth.es\/thinkandactforvalue\/\"><span class=\"s1\">Think&amp;Act for Value<\/span><\/a>. Esta iniciativa pionera, centrada en detectar buenas pr\u00e1cticas en Asistencia Sanitaria Basada en Valor (ASBV), promete ser un motor de conocimiento y un facilitador de la innovaci\u00f3n con impacto en todo el ecosistema sanitario espa\u00f1ol. Alfany comparte su ambici\u00f3n de dar un paso m\u00e1s para acelerar el movimiento de la innovaci\u00f3n para la salud en Espa\u00f1a, dentro del contexto europeo.<\/p>\n<blockquote>\n<p class=\"p1\"><b>\u201cEs el momento de pasar a la acci\u00f3n. No es suficiente con pensar en la innovaci\u00f3n, debemos ACTuar para hacerla realidad\u201d<\/b><\/p>\n<\/blockquote>\n<h2 class=\"p3\"><b>\u00bfCu\u00e1l es su perspectiva sobre el ecosistema de innovaci\u00f3n en el sector de la salud en Espa\u00f1a?<\/b><\/h2>\n<p class=\"p4\">Existen dos realidades que se destacan simult\u00e1neamente: por un lado, Espa\u00f1a se est\u00e1 consolidando como un pa\u00eds que atrae cada vez m\u00e1s talento y proyectos en el \u00e1mbito de la salud; por otro lado, persisten numerosos desaf\u00edos<i> hist\u00f3ricos<\/i>, como las enfermedades cr\u00f3nicas, el envejecimiento de la poblaci\u00f3n, la sostenibilidad, los altos costes de los sistemas de salud y la escasez de profesionales. Hemos reconocido desde hace tiempo la necesidad de transformar la forma en que protegemos y cuidamos la salud de los ciudadanos y pacientes en Espa\u00f1a, y en toda Europa. Sin embargo, esta transformaci\u00f3n a\u00fan no se ha materializado, ya que debe comenzar con el fomento de una cultura de innovaci\u00f3n.<\/p>\n<blockquote>\n<p class=\"p5\">\u201cNecesitamos un compromiso colectivo s\u00f3lido. Los responsables de la toma de decisiones y las instituciones juegan un papel crucial\u201d<\/p>\n<\/blockquote>\n<h2 class=\"p3\"><b>\u00bfC\u00f3mo podemos fomentar la cultura de innovaci\u00f3n en el sector de la salud?\u00a0<\/b><\/h2>\n<p class=\"p4\">La innovaci\u00f3n y la tecnolog\u00eda deben progresar con el objetivo de proporcionar una mejor salud a las personas, aportar m\u00e1s valor a los pacientes, fortalecer el sistema sanitario, impulsar el \u00e9xito de las empresas y emprendedores, y generar m\u00e1s riqueza para el pa\u00eds. Para lograr esto, es esencial involucrar a todos los actores relevantes y a todos los ecosistemas de innovaci\u00f3n que influyen en la salud de las personas. Necesitamos un compromiso colectivo s\u00f3lido. En este impulso hacia la innovaci\u00f3n en el sector de la salud, los responsables de la toma de decisiones y las instituciones juegan un papel crucial. Es necesario que faciliten el camino a los emprendedores en este sector complejo, proporcionando un entorno que les permita innovar y tener \u00e9xito.<\/p>\n<p>&nbsp;<\/p>\n<div style=\"width: 1500px;\" class=\"wp-video\"><!--[if lt IE 9]><script>document.createElement('video');<\/script><![endif]-->\n<video class=\"wp-video-shortcode\" id=\"video-1906-1\" width=\"1500\" height=\"844\" preload=\"metadata\" controls=\"controls\"><source type=\"video\/mp4\" src=\"https:\/\/eithealth.es\/thinkandactforvalue\/wp-content\/uploads\/2024\/06\/Clips_entrevistas_TA_Iza.mp4?_=1\" \/><a href=\"https:\/\/eithealth.es\/thinkandactforvalue\/wp-content\/uploads\/2024\/06\/Clips_entrevistas_TA_Iza.mp4\">https:\/\/eithealth.es\/thinkandactforvalue\/wp-content\/uploads\/2024\/06\/Clips_entrevistas_TA_Iza.mp4<\/a><\/video><\/div>\n<h2 class=\"p3\"><b>\u00bfQu\u00e9 acciones se est\u00e1n implementando para promover la innovaci\u00f3n en el sector de la salud?<\/b><\/h2>\n<p class=\"p4\">Hay varias iniciativas en curso que buscan promover la innovaci\u00f3n en el sector de la salud en Espa\u00f1a. En concreto, desde <a href=\"https:\/\/eithealth.eu\/spain-2\/?lang=es\"><span class=\"s1\">EIT Health<\/span><\/a>, este a\u00f1o queremos dar un paso adicional para acelerar el avance de la innovaci\u00f3n en salud en Espa\u00f1a, en el marco europeo. Es el momento de pasar a la acci\u00f3n. No es suficiente con pensar en la innovaci\u00f3n, debemos actuar para hacerla realidad.<\/p>\n<p class=\"p4\">Con este objetivo en mente, ha surgido la iniciativa \u201c<a href=\"https:\/\/eithealth.es\/thinkandactforvalue\/\"><span class=\"s1\">Think &amp; ACT for Value<\/span><\/a>\u201d, coordinada por la Fundaci\u00f3n EIT Health Spain. Su meta es identificar, conectar, impulsar y escalar toda la experiencia disponible en Espa\u00f1a y Europa en el \u00e1mbito de la ASBV.<\/p>\n<h2 class=\"p3\"><b>\u00bfC\u00f3mo ayuda Think&amp;Act for Value a construir una visi\u00f3n de futuro para la innovaci\u00f3n en salud?<\/b><\/h2>\n<p class=\"p4\">\u201cThink &amp; Act for Value\u201d es una plataforma colaborativa p\u00fablico-privada. Est\u00e1 abierta a todos los actores clave en el \u00e1mbito de la salud: gestores sanitarios, profesionales de la atenci\u00f3n m\u00e9dica, pacientes, industria e innovadores. Todos los que forman parte est\u00e1n comprometidos con un cambio de paradigma para impulsar una transici\u00f3n necesaria hacia una atenci\u00f3n sanitaria basada en valor, respaldada por una serie de medidas espec\u00edficas.<\/p>\n<p class=\"p4\">La plataforma busca fomentar una cultura de innovaci\u00f3n que construya una visi\u00f3n de futuro colectiva. Este intercambio de ideas y experiencias es precisamente lo que \u201cThink &amp; Act for Value\u201d facilita, permitiendo a todos los actores avanzar juntos hacia este futuro innovador en el sector de la salud.<\/p>\n<p class=\"p5\">\u201cNuestro enfoque principal es crear un espacio plural para el debate y el intercambio de ideas y experiencias entre los diversos actores del ecosistema de salud\u201d<\/p>\n<h2 class=\"p3\"><b>\u00bfQu\u00e9 medidas concretas se proponen en Think &amp; ACT for Value?<\/b><\/h2>\n<p class=\"p4\">La iniciativa \u201cThink &amp; ACT for Value\u201d ha desarrollado un <a href=\"https:\/\/eithealth.es\/thinkandactforvalue\/manifiesto\/\"><span class=\"s1\">Manifiesto<\/span><\/a> que propone 54 medidas espec\u00edficas. Este manifiesto busca impulsar la innovaci\u00f3n en el sector de la salud y fomentar una transici\u00f3n hacia una atenci\u00f3n sanitaria basada en valor. Las medidas propuestas abarcan una amplia gama de \u00e1reas, desde la organizaci\u00f3n de la atenci\u00f3n sanitaria hasta la transformaci\u00f3n digital, con el objetivo de mejorar los resultados para los pacientes y contribuir a la sostenibilidad econ\u00f3mica de nuestro Sistema Nacional de Salud. Este manifiesto representa un compromiso colectivo para avanzar hacia un futuro m\u00e1s innovador en el sector de la salud.<\/p>\n<h2 class=\"p3\"><b>\u00bfC\u00f3mo se est\u00e1n promoviendo activamente estas propuestas en la comunidad sanitaria?<\/b><\/h2>\n<p class=\"p4\">Hemos implementado diversas estrategias que ya est\u00e1n impulsando esta transformaci\u00f3n. M\u00e1s all\u00e1 del Manifiesto mencionado, nuestro enfoque principal es crear un espacio plural para el debate y el intercambio de ideas y experiencias entre los diversos actores del ecosistema de salud.<\/p>\n<p class=\"p4\">Para concretar esta idea, hemos desarrollado el \u201c<a href=\"https:\/\/eithealth.es\/thinkandactforvalue\/convocatoria-de-proyectos\/\"><span class=\"s1\">Value Radar<\/span><\/a>\u201d (Radar del Valor) un detector de buenas pr\u00e1cticas en ASBV que act\u00faa como generador de conocimiento y facilitador de innovaci\u00f3n con impacto en todo el territorio nacional.\u00a0Esta herramienta permite identificar y visualizar las iniciativas que est\u00e1n contribuyendo a la transformaci\u00f3n hacia una atenci\u00f3n sanitaria basada en valor. Esperamos que el \u201cValue Radar\u201d se convierta en un recurso esencial para los actores del ecosistema de salud que buscan impulsar la innovaci\u00f3n y la transformaci\u00f3n en el sector.<\/p>\n<blockquote>\n<p class=\"p5\">\u201cLa meta es que estos proyectos se conviertan en una realidad tangible y efectiva dentro del Sistema Nacional de Salud\u201d<\/p>\n<\/blockquote>\n<h2 class=\"p3\"><b>\u00bfQu\u00e9 objetivos persigue esta iniciativa?<\/b><\/h2>\n<p class=\"p4\">El \u201cValue Radar\u201d busca transformar el sistema de salud a trav\u00e9s de la innovaci\u00f3n y la adopci\u00f3n de un enfoque basado en valor.<\/p>\n<p class=\"p4\">La plataforma persigue dos objetivos principales:<\/p>\n<ol class=\"ol1\">\n<li class=\"li4\">Generalizar proyectos y mejores pr\u00e1cticas en atenci\u00f3n sanitaria basada en valor: daremos visibilidad a proyectos y pr\u00e1cticas que ya han demostrado su eficacia en la pr\u00e1ctica de la atenci\u00f3n sanitaria basada en valor. La idea es aprender de estas experiencias exitosas y aplicar sus lecciones en todo el Sistema Nacional de Salud.<\/li>\n<\/ol>\n<ol class=\"ol1\">\n<li class=\"li4\">Incubar proyectos sanitarios basados en valor: fomentaremos y apoyaremos el desarrollo de nuevos proyectos que buscan mejorar la atenci\u00f3n sanitaria basada en valor. La meta es que estos proyectos se conviertan en una realidad tangible y efectiva dentro del Sistema Nacional de Salud.<\/li>\n<\/ol>\n<h2 class=\"p3\"><b>\u00bfQu\u00e9 tipo de proyectos se espera atraer con esta convocatoria?<\/b><\/h2>\n<p class=\"p4\">Los proyectos para los que est\u00e1 abierta la <a href=\"https:\/\/eithealth.es\/thinkandactforvalue\/convocatoria-de-proyectos\/\"><span class=\"s1\">convocatoria<\/span><\/a> deben de ofrecer un proceso de innovaci\u00f3n capaz de replicarse en diferentes entornos cl\u00ednicos. Creemos que esto conducir\u00e1 a la introducci\u00f3n de nuevas innovaciones en diversos mercados, generando un impacto m\u00e1s amplio.<\/p>\n<p class=\"p4\">Los proyectos pueden abarcar cualquier aspecto de la atenci\u00f3n sanitaria, desde la prevenci\u00f3n hasta el seguimiento, la optimizaci\u00f3n de terapias y la atenci\u00f3n integrada, siempre centrados en los resultados que son importantes para los pacientes.<\/p>\n<p class=\"p4\">Por otro lado, en la convocatoria se especifican dos requisitos indispensables: deben ser soluciones con foco en la implementaci\u00f3n, no en el desarrollo de nuevas tecnolog\u00edas; y deben ser proyectos que ya est\u00e9n implementados o en v\u00edas de implementaci\u00f3n y que est\u00e9n buscando apoyo para dar un paso m\u00e1s en su ejecuci\u00f3n y escalado hacia otros centros sanitarios en todo el territorio nacional.<\/p>\n<h2 class=\"p3\"><b>\u00bfC\u00f3mo se implementa y funciona la iniciativa Value Radar?<\/b><\/h2>\n<p class=\"p4\">Actualmente el programa tiene abierta una convocatoria no competitiva de proyectos. La presentaci\u00f3n de proyectos podr\u00e1 realizarse hasta el 9 de septiembre. Posteriormente, los proyectos e innovaciones estar\u00e1n disponibles y visibles en la web de Think&amp;Act for Value.<\/p>\n<p class=\"p4\">Adem\u00e1s, para facilitar la conexi\u00f3n entre los innovadores, se ha creado una herramienta en red en forma de Marketplace. Este espacio permite el intercambio de experiencias y la colaboraci\u00f3n, aspectos que son esenciales para alcanzar los objetivos de la iniciativa.<\/p>\n<p class=\"p4\">Por otro lado, desde Think&amp; Act for Value se ofrece un programa de apoyo a los proyectos seleccionados a trav\u00e9s de la convocatoria. Este programa ser\u00e1 ofrecido por expertos que ayudar\u00e1n a trabajar la propuesta de valor y la estrategia en t\u00e9rminos de implementaci\u00f3n y escalado.<\/p>\n<p class=\"p4\">Finalmente, Think &amp; Act for Value tambi\u00e9n organizar\u00e1 eventos para permitir conexiones presenciales. El primero de estos eventos ser\u00e1 la presentaci\u00f3n del Value Radar, que tendr\u00e1 lugar en Santander (Palacio de la Magdalena) el 10 y 11 de octubre, con el apoyo de la Consejer\u00eda de Salud de Cantabria.<\/p>\n<blockquote>\n<p class=\"p5\">\u201cPresentar un proyecto brinda la oportunidad de conectar con otros actores clave en el ecosistema de salud, lo que puede abrir puertas a futuras colaboraciones y oportunidades\u201d<\/p>\n<\/blockquote>\n<h2 class=\"p3\"><b>\u00bfPodr\u00edas proporcionar un ejemplo de un proyecto que ya se haya presentado?<\/b><\/h2>\n<p class=\"p4\">En la primera convocatoria europea centrada en la atenci\u00f3n sanitaria basada en valor, lanzada por EIT Health, se present\u00f3 un proyecto liderado por el hospital de Vall d\u2019Hebron. Este proyecto, denominado <a href=\"https:\/\/eithealth.es\/thinkandactforvalue\/casos-de-exito\/\"><span class=\"s1\">Harmonics<\/span><\/a>, cont\u00f3 con la colaboraci\u00f3n de varias regiones, lo que pone de manifiesto el valor, el potencial y la capacidad de las iniciativas locales para liderar transformaciones en este \u00e1mbito a nivel europeo.<\/p>\n<p class=\"p4\">El objetivo del proyecto Harmonics es recoger y recopilar los datos de salud de pacientes con ictus de forma peri\u00f3dica y ayudar a optimizar el manejo de la enfermedad, mejorando los protocolos de actuaci\u00f3n en el tratamiento del ictus. Se trata de un claro ejemplo de atenci\u00f3n basada en valor. En este caso para proporcionar atenci\u00f3n de valor a pacientes con ictus a trav\u00e9s de un ecosistema que busca armonizar a nivel europeo la captura de datos sanitarios.<\/p>\n<h2 class=\"p3\"><b>\u00bfQu\u00e9 consejos les dar\u00edas a los emprendedores e innovadores que est\u00e9n dudando si presentar su proyecto?<\/b><\/h2>\n<p class=\"p4\">Para cualquier emprendedor o innovador que est\u00e9 pensando en presentar su proyecto, mi primer consejo ser\u00eda que conf\u00ede en su visi\u00f3n. Esa visi\u00f3n puede ser el catalizador que impulse una transformaci\u00f3n significativa en el sector de la salud.<\/p>\n<p class=\"p4\">Desde Think&amp;Act for Value, nos esforzamos para que los innovadores reciban retroalimentaci\u00f3n valiosa de expertos destacados en el campo de la salud. Este asesoramiento puede ser crucial para perfeccionar el proyecto y, sobre todo, para mejorar la estrategia de implementaci\u00f3n.<\/p>\n<p class=\"p4\">Adem\u00e1s, presentar un proyecto brinda la oportunidad de conectar con otros actores clave en el ecosistema de salud, lo que puede abrir puertas a futuras colaboraciones y oportunidades.<\/p>\n<p class=\"p4\">Finalmente, todos debemos tener en mente que se trata de una oportunidad para generar un impacto en el sector de la salud. Al presentar un proyecto, se contribuye a mejorar la atenci\u00f3n sanitaria y a marcar una diferencia en la vida de las personas.<\/p>\n","protected":false},"excerpt":{"rendered":"<p>La directora de EIT Health, Izabel Alfany, nos invita a explorar el Proyecto Radar Value de Think&amp;Act for Value. Esta iniciativa pionera, centrada en detectar buenas pr\u00e1cticas en Asistencia Sanitaria Basada en Valor (ASBV), promete ser un motor de conocimiento y un facilitador de la innovaci\u00f3n con impacto en todo el ecosistema sanitario espa\u00f1ol. Alfany [&hellip;]<\/p>\n","protected":false},"author":8,"featured_media":1943,"comment_status":"closed","ping_status":"open","sticky":false,"template":"","format":"standard","meta":{"footnotes":""},"categories":[22],"tags":[],"yoast_head":"<!-- This site is optimized with the Yoast SEO plugin v22.9 - https:\/\/yoast.com\/wordpress\/plugins\/seo\/ -->\n<title>Izabel Alfany: Acelerando la innovaci\u00f3n en Salud con el proyecto Radar Value - thinkandactforvalue.com<\/title>\n<meta name=\"robots\" content=\"index, follow, max-snippet:-1, max-image-preview:large, max-video-preview:-1\" \/>\n<link rel=\"canonical\" href=\"https:\/\/eithealth.es\/thinkandactforvalue\/izabel-alfany-acelerando-la-innovacion-en-salud-con-el-proyecto-radar-value\/\" \/>\n<meta property=\"og:locale\" content=\"es_ES\" \/>\n<meta property=\"og:type\" content=\"article\" \/>\n<meta property=\"og:title\" content=\"Izabel Alfany: Acelerando la innovaci\u00f3n en Salud con el proyecto Radar Value - thinkandactforvalue.com\" \/>\n<meta property=\"og:description\" content=\"La directora de EIT Health, Izabel Alfany, nos invita a explorar el Proyecto Radar Value de Think&amp;Act for Value. Esta iniciativa pionera, centrada en detectar buenas pr\u00e1cticas en Asistencia Sanitaria Basada en Valor (ASBV), promete ser un motor de conocimiento y un facilitador de la innovaci\u00f3n con impacto en todo el ecosistema sanitario espa\u00f1ol. Alfany [&hellip;]\" \/>\n<meta property=\"og:url\" content=\"https:\/\/eithealth.es\/thinkandactforvalue\/izabel-alfany-acelerando-la-innovacion-en-salud-con-el-proyecto-radar-value\/\" \/>\n<meta property=\"og:site_name\" content=\"thinkandactforvalue.com\" \/>\n<meta property=\"article:published_time\" content=\"2024-06-28T09:41:57+00:00\" \/>\n<meta property=\"article:modified_time\" content=\"2024-07-02T12:33:23+00:00\" \/>\n<meta property=\"og:image\" content=\"https:\/\/eithealth.es\/thinkandactforvalue\/wp-content\/uploads\/2024\/06\/Clips-entrevistas-TA-2.jpg\" \/>\n\t<meta property=\"og:image:width\" content=\"1920\" \/>\n\t<meta property=\"og:image:height\" content=\"1080\" \/>\n\t<meta property=\"og:image:type\" content=\"image\/jpeg\" \/>\n<meta name=\"author\" content=\"Angeles Barrios\" \/>\n<meta name=\"twitter:card\" content=\"summary_large_image\" \/>\n<meta name=\"twitter:label1\" content=\"Escrito por\" \/>\n\t<meta name=\"twitter:data1\" content=\"Angeles Barrios\" \/>\n\t<meta name=\"twitter:label2\" content=\"Tiempo de lectura\" \/>\n\t<meta name=\"twitter:data2\" content=\"8 minutos\" \/>\n<script type=\"application\/ld+json\" class=\"yoast-schema-graph\">{\"@context\":\"https:\/\/schema.org\",\"@graph\":[{\"@type\":\"Article\",\"@id\":\"https:\/\/eithealth.es\/thinkandactforvalue\/izabel-alfany-acelerando-la-innovacion-en-salud-con-el-proyecto-radar-value\/#article\",\"isPartOf\":{\"@id\":\"https:\/\/eithealth.es\/thinkandactforvalue\/izabel-alfany-acelerando-la-innovacion-en-salud-con-el-proyecto-radar-value\/\"},\"author\":{\"name\":\"Angeles Barrios\",\"@id\":\"https:\/\/eithealth.es\/thinkandactforvalue\/#\/schema\/person\/ecc88a95a5c21a1b16591e0070d2edf6\"},\"headline\":\"Izabel Alfany: Acelerando la innovaci\u00f3n en Salud con el proyecto Radar Value\",\"datePublished\":\"2024-06-28T09:41:57+00:00\",\"dateModified\":\"2024-07-02T12:33:23+00:00\",\"mainEntityOfPage\":{\"@id\":\"https:\/\/eithealth.es\/thinkandactforvalue\/izabel-alfany-acelerando-la-innovacion-en-salud-con-el-proyecto-radar-value\/\"},\"wordCount\":1912,\"publisher\":{\"@id\":\"https:\/\/eithealth.es\/thinkandactforvalue\/#organization\"},\"image\":{\"@id\":\"https:\/\/eithealth.es\/thinkandactforvalue\/izabel-alfany-acelerando-la-innovacion-en-salud-con-el-proyecto-radar-value\/#primaryimage\"},\"thumbnailUrl\":\"https:\/\/eithealth.es\/thinkandactforvalue\/wp-content\/uploads\/2024\/06\/Clips-entrevistas-TA-2.jpg\",\"articleSection\":[\"Art\u00edculos\"],\"inLanguage\":\"es\"},{\"@type\":\"WebPage\",\"@id\":\"https:\/\/eithealth.es\/thinkandactforvalue\/izabel-alfany-acelerando-la-innovacion-en-salud-con-el-proyecto-radar-value\/\",\"url\":\"https:\/\/eithealth.es\/thinkandactforvalue\/izabel-alfany-acelerando-la-innovacion-en-salud-con-el-proyecto-radar-value\/\",\"name\":\"Izabel Alfany: Acelerando la innovaci\u00f3n en Salud con el proyecto Radar Value - thinkandactforvalue.com\",\"isPartOf\":{\"@id\":\"https:\/\/eithealth.es\/thinkandactforvalue\/#website\"},\"primaryImageOfPage\":{\"@id\":\"https:\/\/eithealth.es\/thinkandactforvalue\/izabel-alfany-acelerando-la-innovacion-en-salud-con-el-proyecto-radar-value\/#primaryimage\"},\"image\":{\"@id\":\"https:\/\/eithealth.es\/thinkandactforvalue\/izabel-alfany-acelerando-la-innovacion-en-salud-con-el-proyecto-radar-value\/#primaryimage\"},\"thumbnailUrl\":\"https:\/\/eithealth.es\/thinkandactforvalue\/wp-content\/uploads\/2024\/06\/Clips-entrevistas-TA-2.jpg\",\"datePublished\":\"2024-06-28T09:41:57+00:00\",\"dateModified\":\"2024-07-02T12:33:23+00:00\",\"breadcrumb\":{\"@id\":\"https:\/\/eithealth.es\/thinkandactforvalue\/izabel-alfany-acelerando-la-innovacion-en-salud-con-el-proyecto-radar-value\/#breadcrumb\"},\"inLanguage\":\"es\",\"potentialAction\":[{\"@type\":\"ReadAction\",\"target\":[\"https:\/\/eithealth.es\/thinkandactforvalue\/izabel-alfany-acelerando-la-innovacion-en-salud-con-el-proyecto-radar-value\/\"]}]},{\"@type\":\"ImageObject\",\"inLanguage\":\"es\",\"@id\":\"https:\/\/eithealth.es\/thinkandactforvalue\/izabel-alfany-acelerando-la-innovacion-en-salud-con-el-proyecto-radar-value\/#primaryimage\",\"url\":\"https:\/\/eithealth.es\/thinkandactforvalue\/wp-content\/uploads\/2024\/06\/Clips-entrevistas-TA-2.jpg\",\"contentUrl\":\"https:\/\/eithealth.es\/thinkandactforvalue\/wp-content\/uploads\/2024\/06\/Clips-entrevistas-TA-2.jpg\",\"width\":1920,\"height\":1080},{\"@type\":\"BreadcrumbList\",\"@id\":\"https:\/\/eithealth.es\/thinkandactforvalue\/izabel-alfany-acelerando-la-innovacion-en-salud-con-el-proyecto-radar-value\/#breadcrumb\",\"itemListElement\":[{\"@type\":\"ListItem\",\"position\":1,\"name\":\"Portada\",\"item\":\"https:\/\/eithealth.es\/thinkandactforvalue\/inicio-new-2\/\"},{\"@type\":\"ListItem\",\"position\":2,\"name\":\"Izabel Alfany: Acelerando la innovaci\u00f3n en Salud con el proyecto Radar Value\"}]},{\"@type\":\"WebSite\",\"@id\":\"https:\/\/eithealth.es\/thinkandactforvalue\/#website\",\"url\":\"https:\/\/eithealth.es\/thinkandactforvalue\/\",\"name\":\"thinkandactforvalue.com\",\"description\":\"Beneficios de la Atenci\u00f3n Sanitaria Basada en Valor\",\"publisher\":{\"@id\":\"https:\/\/eithealth.es\/thinkandactforvalue\/#organization\"},\"potentialAction\":[{\"@type\":\"SearchAction\",\"target\":{\"@type\":\"EntryPoint\",\"urlTemplate\":\"https:\/\/eithealth.es\/thinkandactforvalue\/?s={search_term_string}\"},\"query-input\":\"required name=search_term_string\"}],\"inLanguage\":\"es\"},{\"@type\":\"Organization\",\"@id\":\"https:\/\/eithealth.es\/thinkandactforvalue\/#organization\",\"name\":\"Think & Act for Value\",\"url\":\"https:\/\/eithealth.es\/thinkandactforvalue\/\",\"logo\":{\"@type\":\"ImageObject\",\"inLanguage\":\"es\",\"@id\":\"https:\/\/eithealth.es\/thinkandactforvalue\/#\/schema\/logo\/image\/\",\"url\":\"https:\/\/eithealth.es\/thinkandactforvalue\/wp-content\/uploads\/2022\/05\/imagotipo_CMYK_01.jpg\",\"contentUrl\":\"https:\/\/eithealth.es\/thinkandactforvalue\/wp-content\/uploads\/2022\/05\/imagotipo_CMYK_01.jpg\",\"width\":1754,\"height\":843,\"caption\":\"Think & Act for Value\"},\"image\":{\"@id\":\"https:\/\/eithealth.es\/thinkandactforvalue\/#\/schema\/logo\/image\/\"}},{\"@type\":\"Person\",\"@id\":\"https:\/\/eithealth.es\/thinkandactforvalue\/#\/schema\/person\/ecc88a95a5c21a1b16591e0070d2edf6\",\"name\":\"Angeles Barrios\",\"image\":{\"@type\":\"ImageObject\",\"inLanguage\":\"es\",\"@id\":\"https:\/\/eithealth.es\/thinkandactforvalue\/#\/schema\/person\/image\/\",\"url\":\"https:\/\/secure.gravatar.com\/avatar\/128403dd14944a187b2788894f0daa38?s=96&d=mm&r=g\",\"contentUrl\":\"https:\/\/secure.gravatar.com\/avatar\/128403dd14944a187b2788894f0daa38?s=96&d=mm&r=g\",\"caption\":\"Angeles Barrios\"}}]}<\/script>\n<!-- \/ Yoast SEO plugin. -->","yoast_head_json":{"title":"Izabel Alfany: Acelerando la innovaci\u00f3n en Salud con el proyecto Radar Value - thinkandactforvalue.com","robots":{"index":"index","follow":"follow","max-snippet":"max-snippet:-1","max-image-preview":"max-image-preview:large","max-video-preview":"max-video-preview:-1"},"canonical":"https:\/\/eithealth.es\/thinkandactforvalue\/izabel-alfany-acelerando-la-innovacion-en-salud-con-el-proyecto-radar-value\/","og_locale":"es_ES","og_type":"article","og_title":"Izabel Alfany: Acelerando la innovaci\u00f3n en Salud con el proyecto Radar Value - thinkandactforvalue.com","og_description":"La directora de EIT Health, Izabel Alfany, nos invita a explorar el Proyecto Radar Value de Think&amp;Act for Value. Esta iniciativa pionera, centrada en detectar buenas pr\u00e1cticas en Asistencia Sanitaria Basada en Valor (ASBV), promete ser un motor de conocimiento y un facilitador de la innovaci\u00f3n con impacto en todo el ecosistema sanitario espa\u00f1ol. Alfany [&hellip;]","og_url":"https:\/\/eithealth.es\/thinkandactforvalue\/izabel-alfany-acelerando-la-innovacion-en-salud-con-el-proyecto-radar-value\/","og_site_name":"thinkandactforvalue.com","article_published_time":"2024-06-28T09:41:57+00:00","article_modified_time":"2024-07-02T12:33:23+00:00","og_image":[{"width":1920,"height":1080,"url":"https:\/\/eithealth.es\/thinkandactforvalue\/wp-content\/uploads\/2024\/06\/Clips-entrevistas-TA-2.jpg","type":"image\/jpeg"}],"author":"Angeles Barrios","twitter_card":"summary_large_image","twitter_misc":{"Escrito por":"Angeles Barrios","Tiempo de lectura":"8 minutos"},"schema":{"@context":"https:\/\/schema.org","@graph":[{"@type":"Article","@id":"https:\/\/eithealth.es\/thinkandactforvalue\/izabel-alfany-acelerando-la-innovacion-en-salud-con-el-proyecto-radar-value\/#article","isPartOf":{"@id":"https:\/\/eithealth.es\/thinkandactforvalue\/izabel-alfany-acelerando-la-innovacion-en-salud-con-el-proyecto-radar-value\/"},"author":{"name":"Angeles Barrios","@id":"https:\/\/eithealth.es\/thinkandactforvalue\/#\/schema\/person\/ecc88a95a5c21a1b16591e0070d2edf6"},"headline":"Izabel Alfany: Acelerando la innovaci\u00f3n en Salud con el proyecto Radar Value","datePublished":"2024-06-28T09:41:57+00:00","dateModified":"2024-07-02T12:33:23+00:00","mainEntityOfPage":{"@id":"https:\/\/eithealth.es\/thinkandactforvalue\/izabel-alfany-acelerando-la-innovacion-en-salud-con-el-proyecto-radar-value\/"},"wordCount":1912,"publisher":{"@id":"https:\/\/eithealth.es\/thinkandactforvalue\/#organization"},"image":{"@id":"https:\/\/eithealth.es\/thinkandactforvalue\/izabel-alfany-acelerando-la-innovacion-en-salud-con-el-proyecto-radar-value\/#primaryimage"},"thumbnailUrl":"https:\/\/eithealth.es\/thinkandactforvalue\/wp-content\/uploads\/2024\/06\/Clips-entrevistas-TA-2.jpg","articleSection":["Art\u00edculos"],"inLanguage":"es"},{"@type":"WebPage","@id":"https:\/\/eithealth.es\/thinkandactforvalue\/izabel-alfany-acelerando-la-innovacion-en-salud-con-el-proyecto-radar-value\/","url":"https:\/\/eithealth.es\/thinkandactforvalue\/izabel-alfany-acelerando-la-innovacion-en-salud-con-el-proyecto-radar-value\/","name":"Izabel Alfany: Acelerando la innovaci\u00f3n en Salud con el proyecto Radar Value - thinkandactforvalue.com","isPartOf":{"@id":"https:\/\/eithealth.es\/thinkandactforvalue\/#website"},"primaryImageOfPage":{"@id":"https:\/\/eithealth.es\/thinkandactforvalue\/izabel-alfany-acelerando-la-innovacion-en-salud-con-el-proyecto-radar-value\/#primaryimage"},"image":{"@id":"https:\/\/eithealth.es\/thinkandactforvalue\/izabel-alfany-acelerando-la-innovacion-en-salud-con-el-proyecto-radar-value\/#primaryimage"},"thumbnailUrl":"https:\/\/eithealth.es\/thinkandactforvalue\/wp-content\/uploads\/2024\/06\/Clips-entrevistas-TA-2.jpg","datePublished":"2024-06-28T09:41:57+00:00","dateModified":"2024-07-02T12:33:23+00:00","breadcrumb":{"@id":"https:\/\/eithealth.es\/thinkandactforvalue\/izabel-alfany-acelerando-la-innovacion-en-salud-con-el-proyecto-radar-value\/#breadcrumb"},"inLanguage":"es","potentialAction":[{"@type":"ReadAction","target":["https:\/\/eithealth.es\/thinkandactforvalue\/izabel-alfany-acelerando-la-innovacion-en-salud-con-el-proyecto-radar-value\/"]}]},{"@type":"ImageObject","inLanguage":"es","@id":"https:\/\/eithealth.es\/thinkandactforvalue\/izabel-alfany-acelerando-la-innovacion-en-salud-con-el-proyecto-radar-value\/#primaryimage","url":"https:\/\/eithealth.es\/thinkandactforvalue\/wp-content\/uploads\/2024\/06\/Clips-entrevistas-TA-2.jpg","contentUrl":"https:\/\/eithealth.es\/thinkandactforvalue\/wp-content\/uploads\/2024\/06\/Clips-entrevistas-TA-2.jpg","width":1920,"height":1080},{"@type":"BreadcrumbList","@id":"https:\/\/eithealth.es\/thinkandactforvalue\/izabel-alfany-acelerando-la-innovacion-en-salud-con-el-proyecto-radar-value\/#breadcrumb","itemListElement":[{"@type":"ListItem","position":1,"name":"Portada","item":"https:\/\/eithealth.es\/thinkandactforvalue\/inicio-new-2\/"},{"@type":"ListItem","position":2,"name":"Izabel Alfany: Acelerando la innovaci\u00f3n en Salud con el proyecto Radar Value"}]},{"@type":"WebSite","@id":"https:\/\/eithealth.es\/thinkandactforvalue\/#website","url":"https:\/\/eithealth.es\/thinkandactforvalue\/","name":"thinkandactforvalue.com","description":"Beneficios de la Atenci\u00f3n Sanitaria Basada en Valor","publisher":{"@id":"https:\/\/eithealth.es\/thinkandactforvalue\/#organization"},"potentialAction":[{"@type":"SearchAction","target":{"@type":"EntryPoint","urlTemplate":"https:\/\/eithealth.es\/thinkandactforvalue\/?s={search_term_string}"},"query-input":"required name=search_term_string"}],"inLanguage":"es"},{"@type":"Organization","@id":"https:\/\/eithealth.es\/thinkandactforvalue\/#organization","name":"Think & Act for Value","url":"https:\/\/eithealth.es\/thinkandactforvalue\/","logo":{"@type":"ImageObject","inLanguage":"es","@id":"https:\/\/eithealth.es\/thinkandactforvalue\/#\/schema\/logo\/image\/","url":"https:\/\/eithealth.es\/thinkandactforvalue\/wp-content\/uploads\/2022\/05\/imagotipo_CMYK_01.jpg","contentUrl":"https:\/\/eithealth.es\/thinkandactforvalue\/wp-content\/uploads\/2022\/05\/imagotipo_CMYK_01.jpg","width":1754,"height":843,"caption":"Think & Act for Value"},"image":{"@id":"https:\/\/eithealth.es\/thinkandactforvalue\/#\/schema\/logo\/image\/"}},{"@type":"Person","@id":"https:\/\/eithealth.es\/thinkandactforvalue\/#\/schema\/person\/ecc88a95a5c21a1b16591e0070d2edf6","name":"Angeles Barrios","image":{"@type":"ImageObject","inLanguage":"es","@id":"https:\/\/eithealth.es\/thinkandactforvalue\/#\/schema\/person\/image\/","url":"https:\/\/secure.gravatar.com\/avatar\/128403dd14944a187b2788894f0daa38?s=96&d=mm&r=g","contentUrl":"https:\/\/secure.gravatar.com\/avatar\/128403dd14944a187b2788894f0daa38?s=96&d=mm&r=g","caption":"Angeles Barrios"}}]}},"_links":{"self":[{"href":"https:\/\/eithealth.es\/thinkandactforvalue\/wp-json\/wp\/v2\/posts\/1906"}],"collection":[{"href":"https:\/\/eithealth.es\/thinkandactforvalue\/wp-json\/wp\/v2\/posts"}],"about":[{"href":"https:\/\/eithealth.es\/thinkandactforvalue\/wp-json\/wp\/v2\/types\/post"}],"author":[{"embeddable":true,"href":"https:\/\/eithealth.es\/thinkandactforvalue\/wp-json\/wp\/v2\/users\/8"}],"replies":[{"embeddable":true,"href":"https:\/\/eithealth.es\/thinkandactforvalue\/wp-json\/wp\/v2\/comments?post=1906"}],"version-history":[{"count":4,"href":"https:\/\/eithealth.es\/thinkandactforvalue\/wp-json\/wp\/v2\/posts\/1906\/revisions"}],"predecessor-version":[{"id":1947,"href":"https:\/\/eithealth.es\/thinkandactforvalue\/wp-json\/wp\/v2\/posts\/1906\/revisions\/1947"}],"wp:featuredmedia":[{"embeddable":true,"href":"https:\/\/eithealth.es\/thinkandactforvalue\/wp-json\/wp\/v2\/media\/1943"}],"wp:attachment":[{"href":"https:\/\/eithealth.es\/thinkandactforvalue\/wp-json\/wp\/v2\/media?parent=1906"}],"wp:term":[{"taxonomy":"category","embeddable":true,"href":"https:\/\/eithealth.es\/thinkandactforvalue\/wp-json\/wp\/v2\/categories?post=1906"},{"taxonomy":"post_tag","embeddable":true,"href":"https:\/\/eithealth.es\/thinkandactforvalue\/wp-json\/wp\/v2\/tags?post=1906"}],"curies":[{"name":"wp","href":"https:\/\/api.w.org\/{rel}","templated":true}]}}